{"id":3928,"date":"2023-04-18T15:30:59","date_gmt":"2023-04-18T13:30:59","guid":{"rendered":"https:\/\/www.elegance-boutique.ch\/das-v-nissg-gesetz\/"},"modified":"2023-04-25T15:51:27","modified_gmt":"2023-04-25T13:51:27","slug":"das-v-nissg-gesetz","status":"publish","type":"post","link":"https:\/\/www.elegance-boutique.ch\/de\/das-v-nissg-gesetz\/","title":{"rendered":"Das V-NISSG-Gesetz"},"content":{"rendered":"<section class=\"hero\">\n        <img decoding=\"async\" src=\"https:\/\/www.elegance-boutique.ch\/wp-content\/uploads\/2023\/04\/loi-o-lrnis.jpg\" alt=\"Une esth\u00e9ticienne fait une \u00e9pilation laser sur une jambe.\">\n    <div class=\"container\">\n        <div class=\"hero--content\">\n            <h1 class=\"title\">Das V-NISSG-Gesetz \u00fcber die Verwendung von Sch\u00f6nheitsmitteln<\/h1>\n                    <\/div>\n    <\/div>\n<\/section>\n\n\n<section class=\"location-machine\">\n  <div class=\"first-content\">\n    <h2> <br><br>Das neue Gesetz, das die Welt der Sch\u00f6nheitspflege in Bewegung bringt! <\/h2>\n    <p><br>In der Welt der \u00c4sthetik gibt es derzeit ein Thema, das unter Fachleuten f\u00fcr Schlagzeilen sorgt: das V-NISSG-Gesetz.\n\nDiese neue Regelung, die die Verwendung von Ger\u00e4ten, die nichtionisierende Strahlung oder Schall aussenden, zu kosmetischen Zwecken betrifft, ist in aller Munde.\n\nDoch obwohl es in aller Munde ist, scheinen viele Praktiker die Auswirkungen dieses Gesetzes und was es f\u00fcr die Zukunft ihres Berufs bedeutet, noch nicht vollst\u00e4ndig zu verstehen.\n\nWenn Sie in der \u00e4sthetischen Medizin t\u00e4tig sind, ist es von entscheidender Bedeutung, dass Sie die Einzelheiten des V-NISSG-Gesetzes kennen und verstehen, welche Ver\u00e4nderungen es f\u00fcr Ihre t\u00e4gliche Praxis mit sich bringt.\n\nIn diesem Blogbeitrag werden wir Ihre Fragen beantworten und Unklarheiten beseitigen, indem wir Ihnen klare und detaillierte Informationen \u00fcber das V-NISSG-Gesetz, seine Auswirkungen auf \u00e4sthetische Behandlungen und dar\u00fcber, wie Sie sich auf die Einhaltung der neuen Vorschriften vorbereiten k\u00f6nnen, zur Verf\u00fcgung stellen.\n\nSuchen Sie nicht weiter, wir haben die Antworten auf Ihre Fragen gleich hier.<\/p>\n  <\/div>\n  <div class=\"listes\">\n      <\/div>\n<\/section>\n\n\n<section class=\"location-machine\">\n  <div class=\"first-content\">\n    <h2> Was ist das V-NISSG-Gesetz? <\/h2>\n    <p><br>Das V-NISSG, das f\u00fcr &#8222;Schweizerisches Bundesgesetz \u00fcber den Schutz vor nichtionisierender Strahlung und Schall&#8220; steht, wurde verabschiedet, um die Verwendung von Ger\u00e4ten, die nichtionisierende Strahlung aussenden, f\u00fcr kosmetische Zwecke zu regulieren.\n\nTats\u00e4chlich sind in den letzten Jahren \u00e4sthetische Maschinen, die nichtionisierende Strahlung abgeben, sehr popul\u00e4r geworden. Die meisten von ihnen \u00fcberschreiten jedoch die Sicherheitsgrenzen f\u00fcr Haut, Augen und anderes Gewebe, sodass sie bei unsachgem\u00e4\u00dfer Handhabung sehr wahrscheinlich akute Sch\u00e4den verursachen k\u00f6nnen. Die langfristigen Auswirkungen ihrer Verwendung sind noch immer nicht vollst\u00e4ndig verstanden.\n\nMit dem Ziel, diese Problematik zu beheben, hat das Schweizer Parlament das Bundesgesetz ISDNG verabschiedet.<\/p>\n  <\/div>\n  <div class=\"listes\">\n      <\/div>\n<\/section>\n\n\n<section class=\"location-machine\">\n  <div class=\"first-content\">\n    <h2> Welche Datenverarbeitungen sind vom NISSG-Gesetz betroffen? <\/h2>\n    <p><br>Die neuen Regelungen umfassen die Verwendung von medizinischen Ger\u00e4ten und Niederspannungsprodukten. Ab dem 1. Juni 2024 d\u00fcrfen zw\u00f6lf Behandlungen mit Ger\u00e4ten, die nichtionisierende Strahlung oder Schall aussenden, nur noch durchgef\u00fchrt werden, wenn sie von einem Bef\u00e4higungsnachweis begleitet werden, der sich auf die jeweilige Behandlung bezieht :\n<\/p>\n  <\/div>\n  <div class=\"listes\">\n            <div class=\"liste-items\">\n          <div class=\"img--container\">\n                        <img decoding=\"async\" src=\"\" alt=\"\">\n          <\/div>\n          <div class=\"txt--container\">\n                          <h3>1. Akne<\/h3>\n                        <p><\/p>\n          <\/div>\n        <\/div>\n            <div class=\"liste-items\">\n          <div class=\"img--container\">\n                        <img decoding=\"async\" src=\"\" alt=\"\">\n          <\/div>\n          <div class=\"txt--container\">\n                          <h3>2. Cellulite und Dellen<\/h3>\n                        <p><\/p>\n          <\/div>\n        <\/div>\n            <div class=\"liste-items\">\n          <div class=\"img--container\">\n                        <img decoding=\"async\" src=\"\" alt=\"\">\n          <\/div>\n          <div class=\"txt--container\">\n                          <h3>3. Rosacea, gutartige vaskul\u00e4re L\u00e4sionen und nicht-neoplastische Naevi, die kleiner als 3 mm sind (au\u00dfer in der N\u00e4he der Augen)<\/h3>\n                        <p><\/p>\n          <\/div>\n        <\/div>\n            <div class=\"liste-items\">\n          <div class=\"img--container\">\n                        <img decoding=\"async\" src=\"\" alt=\"\">\n          <\/div>\n          <div class=\"txt--container\">\n                          <h3>4. Falten<\/h3>\n                        <p><\/p>\n          <\/div>\n        <\/div>\n            <div class=\"liste-items\">\n          <div class=\"img--container\">\n                        <img decoding=\"async\" src=\"\" alt=\"\">\n          <\/div>\n          <div class=\"txt--container\">\n                          <h3>5. Narben<\/h3>\n                        <p><\/p>\n          <\/div>\n        <\/div>\n            <div class=\"liste-items\">\n          <div class=\"img--container\">\n                        <img decoding=\"async\" src=\"\" alt=\"\">\n          <\/div>\n          <div class=\"txt--container\">\n                          <h3>6. Onychomykose<\/h3>\n                        <p><\/p>\n          <\/div>\n        <\/div>\n            <div class=\"liste-items\">\n          <div class=\"img--container\">\n                        <img decoding=\"async\" src=\"\" alt=\"\">\n          <\/div>\n          <div class=\"txt--container\">\n                          <h3>7. Postinflammatorische Hyperpigmentierung<\/h3>\n                        <p><\/p>\n          <\/div>\n        <\/div>\n            <div class=\"liste-items\">\n          <div class=\"img--container\">\n                        <img decoding=\"async\" src=\"\" alt=\"\">\n          <\/div>\n          <div class=\"txt--container\">\n                          <h3>8. Streifen<\/h3>\n                        <p><\/p>\n          <\/div>\n        <\/div>\n            <div class=\"liste-items\">\n          <div class=\"img--container\">\n                        <img decoding=\"async\" src=\"\" alt=\"\">\n          <\/div>\n          <div class=\"txt--container\">\n                          <h3>9. Haarentfernung mit Laser<\/h3>\n                        <p><\/p>\n          <\/div>\n        <\/div>\n            <div class=\"liste-items\">\n          <div class=\"img--container\">\n                        <img decoding=\"async\" src=\"\" alt=\"\">\n          <\/div>\n          <div class=\"txt--container\">\n                          <h3>10. Entfernung von Permanent-Make-up (au\u00dfer in Augenn\u00e4he)<\/h3>\n                        <p><\/p>\n          <\/div>\n        <\/div>\n            <div class=\"liste-items\">\n          <div class=\"img--container\">\n                        <img decoding=\"async\" src=\"\" alt=\"\">\n          <\/div>\n          <div class=\"txt--container\">\n                          <h3>11. Entfernung von nicht-ablativen Laser-T\u00e4towierungen (au\u00dfer in der N\u00e4he der Augen)<\/h3>\n                        <p><\/p>\n          <\/div>\n        <\/div>\n            <div class=\"liste-items\">\n          <div class=\"img--container\">\n                        <img decoding=\"async\" src=\"\" alt=\"\">\n          <\/div>\n          <div class=\"txt--container\">\n                          <h3>12. Laser-Akupunktur<\/h3>\n                        <p><\/p>\n          <\/div>\n        <\/div>\n      <\/div>\n<\/section>\n\n\n<section class=\"location-machine\">\n  <div class=\"first-content\">\n    <h2> Was muss man tun, um mit diesem Gesetz in Einklang zu kommen? <\/h2>\n    <p><br>Um die verschiedenen oben genannten Sch\u00f6nheitsbehandlungen weiterhin anwenden und aus\u00fcben zu k\u00f6nnen, ben\u00f6tigen Sie eine spezielle Bescheinigung von Pr\u00fcfungsstellen, die in einer Verordnung des Eidgen\u00f6ssischen Departements des Innern (EDI) aufgelistet sind.\r\n\r\nWie bereits etwas weiter oben erw\u00e4hnt, muss diese Bescheinigung vor dem 1. Juni 2024, dem Datum des Inkrafttretens des V-NISSG-Gesetzes, abgelegt werden.\r\n\r\nInsgesamt gibt es 7 Kompetenznachweise mit den folgenden Bezeichnungen:\r\n\r\n1. Akupunktur mithilfe eines Lasers\r\n\r\n2. Entfernung des Haarsystems mithilfe eines Lasers\r\n\r\n3. Beseitigung des Haarsystems mit gepulsten, nicht koh\u00e4renten Lichtquellen mit hoher Leistung (IPL)\r\n\r\n4. Permanent Make-up und T\u00e4towierungen\r\n\r\n5. AC Haut und Pigmentierung\r\n\r\n6. Cellulite und Dellen\r\n\r\n7. Onychomykose\r\n\r\nDie Ausbildungsdauer kann je nach gew\u00fcnschtem Kompetenznachweis zwischen zwei und elf Tagen betragen.<\/p>\n  <\/div>\n  <div class=\"listes\">\n      <\/div>\n<\/section>\n\n\n<section class=\"location-machine\">\n  <div class=\"first-content\">\n    <h2> Inwiefern ist dieses Gesetz f\u00fcr Angeh\u00f6rige der Sch\u00f6nheitsbranche von Vorteil? <\/h2>\n    <p><br>Durch den Erwerb eines Kompetenznachweises f\u00fcr Kosmetikfachkr\u00e4fte, die diese Behandlungen durchf\u00fchren, wird sichergestellt, dass sie die entsprechende Ausbildung erhalten haben, um diese Ger\u00e4te sicher und wirksam zu handhaben. Diese Ma\u00dfnahme zielt auch darauf ab, die Kunden \u00fcber das Kompetenzniveau der Praktiker zu informieren und zu beruhigen.\n\nDie Technologien im Bereich der \u00c4sthetik entwickeln sich sehr schnell. Mit dem Erscheinen dieses Gesetzes k\u00f6nnen Kosmetikinstitute erneut ihre Professionalit\u00e4t gegen\u00fcber ihren Kunden unter Beweis stellen und ihnen ein gewisses Vertrauen in ihre Behandlungen vermitteln.\n\nDie Klientinnen und Klienten haben das Recht, die Qualifikationen der Behandelnden zu kennen und sich zu vergewissern, dass sie eine sichere und wirksame Behandlung erhalten.  \n\nDas V-NISSG-Gesetz konzentriert sich nicht nur auf die Sicherheit der Behandlungen, sondern soll auch Transparenz und Verantwortlichkeit in der Sch\u00f6nheitsindustrie f\u00f6rdern.<\/p>\n  <\/div>\n  <div class=\"listes\">\n      <\/div>\n<\/section>\n\n\n<p><\/p>\n","protected":false},"excerpt":{"rendered":"<p>In der Welt der \u00c4sthetik gibt es derzeit ein Thema, das unter Fachleuten f\u00fcr Schlagzeilen sorgt: das O-LRNIS-Gesetz.<\/p>\n","protected":false},"author":1,"featured_media":3907,"comment_status":"open","ping_status":"open","sticky":false,"template":"","format":"standard","meta":{"inline_featured_image":false,"_joinchat":[],"footnotes":""},"categories":[57],"tags":[],"class_list":["post-3928","post","type-post","status-publish","format-standard","has-post-thumbnail","hentry","category-gerate"],"acf":[],"yoast_head":"<!-- This site is optimized with the Yoast SEO plugin v25.0 - https:\/\/yoast.com\/wordpress\/plugins\/seo\/ -->\n<title>Alles \u00fcber das V-NISSG-Gesetz - Elegance Boutique<\/title>\n<meta name=\"description\" content=\"In der Welt der \u00c4sthetik gibt es derzeit ein Thema, das unter Fachleuten f\u00fcr Schlagzeilen sorgt: das V-NISSG-Gesetz.\" \/>\n<meta name=\"robots\" content=\"index, follow, max-snippet:-1, max-image-preview:large, max-video-preview:-1\" \/>\n<link rel=\"canonical\" href=\"https:\/\/www.elegance-boutique.ch\/de\/das-v-nissg-gesetz\/\" \/>\n<meta property=\"og:locale\" content=\"de_DE\" \/>\n<meta property=\"og:type\" content=\"article\" \/>\n<meta property=\"og:title\" content=\"Alles \u00fcber das V-NISSG-Gesetz - Elegance Boutique\" \/>\n<meta property=\"og:description\" content=\"In der Welt der \u00c4sthetik gibt es derzeit ein Thema, das unter Fachleuten f\u00fcr Schlagzeilen sorgt: das V-NISSG-Gesetz.\" \/>\n<meta property=\"og:url\" content=\"https:\/\/www.elegance-boutique.ch\/de\/das-v-nissg-gesetz\/\" \/>\n<meta property=\"og:site_name\" content=\"Elegance Boutique\" \/>\n<meta property=\"article:publisher\" content=\"https:\/\/www.facebook.com\/EleganceBoutiqueSwiss\" \/>\n<meta property=\"article:published_time\" content=\"2023-04-18T13:30:59+00:00\" \/>\n<meta property=\"article:modified_time\" content=\"2023-04-25T13:51:27+00:00\" \/>\n<meta property=\"og:image\" content=\"https:\/\/elegance-boutique.ch\/wp-content\/uploads\/2022\/02\/Shape_shadow-250x300.png\" \/>\n<meta name=\"author\" content=\"admin\" \/>\n<meta name=\"twitter:card\" content=\"summary_large_image\" \/>\n<meta name=\"twitter:image\" content=\"https:\/\/elegance-boutique.ch\/wp-content\/uploads\/2022\/02\/Shape_shadow.png\" \/>\n<meta name=\"twitter:label1\" content=\"Verfasst von\" \/>\n\t<meta name=\"twitter:data1\" content=\"admin\" \/>\n<script type=\"application\/ld+json\" class=\"yoast-schema-graph\">{\"@context\":\"https:\/\/schema.org\",\"@graph\":[{\"@type\":\"Article\",\"@id\":\"https:\/\/www.elegance-boutique.ch\/de\/das-v-nissg-gesetz\/#article\",\"isPartOf\":{\"@id\":\"https:\/\/www.elegance-boutique.ch\/de\/das-v-nissg-gesetz\/\"},\"author\":{\"name\":\"admin\",\"@id\":\"https:\/\/www.elegance-boutique.ch\/de\/#\/schema\/person\/251bbe8994c6777b23c1bcad99bab78c\"},\"headline\":\"Das V-NISSG-Gesetz\",\"datePublished\":\"2023-04-18T13:30:59+00:00\",\"dateModified\":\"2023-04-25T13:51:27+00:00\",\"mainEntityOfPage\":{\"@id\":\"https:\/\/www.elegance-boutique.ch\/de\/das-v-nissg-gesetz\/\"},\"wordCount\":2,\"commentCount\":0,\"publisher\":{\"@id\":\"https:\/\/www.elegance-boutique.ch\/de\/#organization\"},\"image\":{\"@id\":\"https:\/\/www.elegance-boutique.ch\/de\/das-v-nissg-gesetz\/#primaryimage\"},\"thumbnailUrl\":\"https:\/\/www.elegance-boutique.ch\/wp-content\/uploads\/2023\/04\/loi-o-lrnis.jpg\",\"articleSection\":[\"GER\u00c4TE\"],\"inLanguage\":\"de\",\"potentialAction\":[{\"@type\":\"CommentAction\",\"name\":\"Comment\",\"target\":[\"https:\/\/www.elegance-boutique.ch\/de\/das-v-nissg-gesetz\/#respond\"]}]},{\"@type\":\"WebPage\",\"@id\":\"https:\/\/www.elegance-boutique.ch\/de\/das-v-nissg-gesetz\/\",\"url\":\"https:\/\/www.elegance-boutique.ch\/de\/das-v-nissg-gesetz\/\",\"name\":\"Alles \u00fcber das V-NISSG-Gesetz - Elegance Boutique\",\"isPartOf\":{\"@id\":\"https:\/\/www.elegance-boutique.ch\/de\/#website\"},\"primaryImageOfPage\":{\"@id\":\"https:\/\/www.elegance-boutique.ch\/de\/das-v-nissg-gesetz\/#primaryimage\"},\"image\":{\"@id\":\"https:\/\/www.elegance-boutique.ch\/de\/das-v-nissg-gesetz\/#primaryimage\"},\"thumbnailUrl\":\"https:\/\/www.elegance-boutique.ch\/wp-content\/uploads\/2023\/04\/loi-o-lrnis.jpg\",\"datePublished\":\"2023-04-18T13:30:59+00:00\",\"dateModified\":\"2023-04-25T13:51:27+00:00\",\"description\":\"In der Welt der \u00c4sthetik gibt es derzeit ein Thema, das unter Fachleuten f\u00fcr Schlagzeilen sorgt: das V-NISSG-Gesetz.\",\"breadcrumb\":{\"@id\":\"https:\/\/www.elegance-boutique.ch\/de\/das-v-nissg-gesetz\/#breadcrumb\"},\"inLanguage\":\"de\",\"potentialAction\":[{\"@type\":\"ReadAction\",\"target\":[\"https:\/\/www.elegance-boutique.ch\/de\/das-v-nissg-gesetz\/\"]}]},{\"@type\":\"ImageObject\",\"inLanguage\":\"de\",\"@id\":\"https:\/\/www.elegance-boutique.ch\/de\/das-v-nissg-gesetz\/#primaryimage\",\"url\":\"https:\/\/www.elegance-boutique.ch\/wp-content\/uploads\/2023\/04\/loi-o-lrnis.jpg\",\"contentUrl\":\"https:\/\/www.elegance-boutique.ch\/wp-content\/uploads\/2023\/04\/loi-o-lrnis.jpg\",\"width\":2000,\"height\":1333,\"caption\":\"Une esth\u00e9ticienne fait une \u00e9pilation laser sur une jambe.\"},{\"@type\":\"BreadcrumbList\",\"@id\":\"https:\/\/www.elegance-boutique.ch\/de\/das-v-nissg-gesetz\/#breadcrumb\",\"itemListElement\":[{\"@type\":\"ListItem\",\"position\":1,\"name\":\"Accueil\",\"item\":\"https:\/\/www.elegance-boutique.ch\/de\/\"},{\"@type\":\"ListItem\",\"position\":2,\"name\":\"Das V-NISSG-Gesetz\"}]},{\"@type\":\"WebSite\",\"@id\":\"https:\/\/www.elegance-boutique.ch\/de\/#website\",\"url\":\"https:\/\/www.elegance-boutique.ch\/de\/\",\"name\":\"Elegance Boutique\",\"description\":\"Appareils esth\u00e9tiques professionnels\",\"publisher\":{\"@id\":\"https:\/\/www.elegance-boutique.ch\/de\/#organization\"},\"potentialAction\":[{\"@type\":\"SearchAction\",\"target\":{\"@type\":\"EntryPoint\",\"urlTemplate\":\"https:\/\/www.elegance-boutique.ch\/de\/?s={search_term_string}\"},\"query-input\":{\"@type\":\"PropertyValueSpecification\",\"valueRequired\":true,\"valueName\":\"search_term_string\"}}],\"inLanguage\":\"de\"},{\"@type\":\"Organization\",\"@id\":\"https:\/\/www.elegance-boutique.ch\/de\/#organization\",\"name\":\"Elegance Boutique\",\"url\":\"https:\/\/www.elegance-boutique.ch\/de\/\",\"logo\":{\"@type\":\"ImageObject\",\"inLanguage\":\"de\",\"@id\":\"https:\/\/www.elegance-boutique.ch\/de\/#\/schema\/logo\/image\/\",\"url\":\"https:\/\/www.elegance-boutique.ch\/wp-content\/uploads\/2022\/03\/Logo-EB-v5-Horizontal.png\",\"contentUrl\":\"https:\/\/www.elegance-boutique.ch\/wp-content\/uploads\/2022\/03\/Logo-EB-v5-Horizontal.png\",\"width\":1415,\"height\":283,\"caption\":\"Elegance Boutique\"},\"image\":{\"@id\":\"https:\/\/www.elegance-boutique.ch\/de\/#\/schema\/logo\/image\/\"},\"sameAs\":[\"https:\/\/www.facebook.com\/EleganceBoutiqueSwiss\",\"https:\/\/www.linkedin.com\/company\/elegance-boutique-esthetique-professionnelle\/\"]},{\"@type\":\"Person\",\"@id\":\"https:\/\/www.elegance-boutique.ch\/de\/#\/schema\/person\/251bbe8994c6777b23c1bcad99bab78c\",\"name\":\"admin\",\"image\":{\"@type\":\"ImageObject\",\"inLanguage\":\"de\",\"@id\":\"https:\/\/www.elegance-boutique.ch\/de\/#\/schema\/person\/image\/\",\"url\":\"https:\/\/secure.gravatar.com\/avatar\/90cd9f2a09142cd0b38d350a5fdc5ccae206904a7f8e90ad0df656a277a4abc6?s=96&d=mm&r=g\",\"contentUrl\":\"https:\/\/secure.gravatar.com\/avatar\/90cd9f2a09142cd0b38d350a5fdc5ccae206904a7f8e90ad0df656a277a4abc6?s=96&d=mm&r=g\",\"caption\":\"admin\"},\"sameAs\":[\"https:\/\/www.elegance-boutique.ch\/\"],\"url\":\"https:\/\/www.elegance-boutique.ch\/de\/author\/admin\/\"}]}<\/script>\n<!-- \/ Yoast SEO plugin. -->","yoast_head_json":{"title":"Alles \u00fcber das V-NISSG-Gesetz - Elegance Boutique","description":"In der Welt der \u00c4sthetik gibt es derzeit ein Thema, das unter Fachleuten f\u00fcr Schlagzeilen sorgt: das V-NISSG-Gesetz.","robots":{"index":"index","follow":"follow","max-snippet":"max-snippet:-1","max-image-preview":"max-image-preview:large","max-video-preview":"max-video-preview:-1"},"canonical":"https:\/\/www.elegance-boutique.ch\/de\/das-v-nissg-gesetz\/","og_locale":"de_DE","og_type":"article","og_title":"Alles \u00fcber das V-NISSG-Gesetz - Elegance Boutique","og_description":"In der Welt der \u00c4sthetik gibt es derzeit ein Thema, das unter Fachleuten f\u00fcr Schlagzeilen sorgt: das V-NISSG-Gesetz.","og_url":"https:\/\/www.elegance-boutique.ch\/de\/das-v-nissg-gesetz\/","og_site_name":"Elegance Boutique","article_publisher":"https:\/\/www.facebook.com\/EleganceBoutiqueSwiss","article_published_time":"2023-04-18T13:30:59+00:00","article_modified_time":"2023-04-25T13:51:27+00:00","og_image":[{"url":"https:\/\/elegance-boutique.ch\/wp-content\/uploads\/2022\/02\/Shape_shadow-250x300.png","type":"","width":"","height":""}],"author":"admin","twitter_card":"summary_large_image","twitter_image":"https:\/\/elegance-boutique.ch\/wp-content\/uploads\/2022\/02\/Shape_shadow.png","twitter_misc":{"Verfasst von":"admin"},"schema":{"@context":"https:\/\/schema.org","@graph":[{"@type":"Article","@id":"https:\/\/www.elegance-boutique.ch\/de\/das-v-nissg-gesetz\/#article","isPartOf":{"@id":"https:\/\/www.elegance-boutique.ch\/de\/das-v-nissg-gesetz\/"},"author":{"name":"admin","@id":"https:\/\/www.elegance-boutique.ch\/de\/#\/schema\/person\/251bbe8994c6777b23c1bcad99bab78c"},"headline":"Das V-NISSG-Gesetz","datePublished":"2023-04-18T13:30:59+00:00","dateModified":"2023-04-25T13:51:27+00:00","mainEntityOfPage":{"@id":"https:\/\/www.elegance-boutique.ch\/de\/das-v-nissg-gesetz\/"},"wordCount":2,"commentCount":0,"publisher":{"@id":"https:\/\/www.elegance-boutique.ch\/de\/#organization"},"image":{"@id":"https:\/\/www.elegance-boutique.ch\/de\/das-v-nissg-gesetz\/#primaryimage"},"thumbnailUrl":"https:\/\/www.elegance-boutique.ch\/wp-content\/uploads\/2023\/04\/loi-o-lrnis.jpg","articleSection":["GER\u00c4TE"],"inLanguage":"de","potentialAction":[{"@type":"CommentAction","name":"Comment","target":["https:\/\/www.elegance-boutique.ch\/de\/das-v-nissg-gesetz\/#respond"]}]},{"@type":"WebPage","@id":"https:\/\/www.elegance-boutique.ch\/de\/das-v-nissg-gesetz\/","url":"https:\/\/www.elegance-boutique.ch\/de\/das-v-nissg-gesetz\/","name":"Alles \u00fcber das V-NISSG-Gesetz - Elegance Boutique","isPartOf":{"@id":"https:\/\/www.elegance-boutique.ch\/de\/#website"},"primaryImageOfPage":{"@id":"https:\/\/www.elegance-boutique.ch\/de\/das-v-nissg-gesetz\/#primaryimage"},"image":{"@id":"https:\/\/www.elegance-boutique.ch\/de\/das-v-nissg-gesetz\/#primaryimage"},"thumbnailUrl":"https:\/\/www.elegance-boutique.ch\/wp-content\/uploads\/2023\/04\/loi-o-lrnis.jpg","datePublished":"2023-04-18T13:30:59+00:00","dateModified":"2023-04-25T13:51:27+00:00","description":"In der Welt der \u00c4sthetik gibt es derzeit ein Thema, das unter Fachleuten f\u00fcr Schlagzeilen sorgt: das V-NISSG-Gesetz.","breadcrumb":{"@id":"https:\/\/www.elegance-boutique.ch\/de\/das-v-nissg-gesetz\/#breadcrumb"},"inLanguage":"de","potentialAction":[{"@type":"ReadAction","target":["https:\/\/www.elegance-boutique.ch\/de\/das-v-nissg-gesetz\/"]}]},{"@type":"ImageObject","inLanguage":"de","@id":"https:\/\/www.elegance-boutique.ch\/de\/das-v-nissg-gesetz\/#primaryimage","url":"https:\/\/www.elegance-boutique.ch\/wp-content\/uploads\/2023\/04\/loi-o-lrnis.jpg","contentUrl":"https:\/\/www.elegance-boutique.ch\/wp-content\/uploads\/2023\/04\/loi-o-lrnis.jpg","width":2000,"height":1333,"caption":"Une esth\u00e9ticienne fait une \u00e9pilation laser sur une jambe."},{"@type":"BreadcrumbList","@id":"https:\/\/www.elegance-boutique.ch\/de\/das-v-nissg-gesetz\/#breadcrumb","itemListElement":[{"@type":"ListItem","position":1,"name":"Accueil","item":"https:\/\/www.elegance-boutique.ch\/de\/"},{"@type":"ListItem","position":2,"name":"Das V-NISSG-Gesetz"}]},{"@type":"WebSite","@id":"https:\/\/www.elegance-boutique.ch\/de\/#website","url":"https:\/\/www.elegance-boutique.ch\/de\/","name":"Elegance Boutique","description":"Appareils esth\u00e9tiques professionnels","publisher":{"@id":"https:\/\/www.elegance-boutique.ch\/de\/#organization"},"potentialAction":[{"@type":"SearchAction","target":{"@type":"EntryPoint","urlTemplate":"https:\/\/www.elegance-boutique.ch\/de\/?s={search_term_string}"},"query-input":{"@type":"PropertyValueSpecification","valueRequired":true,"valueName":"search_term_string"}}],"inLanguage":"de"},{"@type":"Organization","@id":"https:\/\/www.elegance-boutique.ch\/de\/#organization","name":"Elegance Boutique","url":"https:\/\/www.elegance-boutique.ch\/de\/","logo":{"@type":"ImageObject","inLanguage":"de","@id":"https:\/\/www.elegance-boutique.ch\/de\/#\/schema\/logo\/image\/","url":"https:\/\/www.elegance-boutique.ch\/wp-content\/uploads\/2022\/03\/Logo-EB-v5-Horizontal.png","contentUrl":"https:\/\/www.elegance-boutique.ch\/wp-content\/uploads\/2022\/03\/Logo-EB-v5-Horizontal.png","width":1415,"height":283,"caption":"Elegance Boutique"},"image":{"@id":"https:\/\/www.elegance-boutique.ch\/de\/#\/schema\/logo\/image\/"},"sameAs":["https:\/\/www.facebook.com\/EleganceBoutiqueSwiss","https:\/\/www.linkedin.com\/company\/elegance-boutique-esthetique-professionnelle\/"]},{"@type":"Person","@id":"https:\/\/www.elegance-boutique.ch\/de\/#\/schema\/person\/251bbe8994c6777b23c1bcad99bab78c","name":"admin","image":{"@type":"ImageObject","inLanguage":"de","@id":"https:\/\/www.elegance-boutique.ch\/de\/#\/schema\/person\/image\/","url":"https:\/\/secure.gravatar.com\/avatar\/90cd9f2a09142cd0b38d350a5fdc5ccae206904a7f8e90ad0df656a277a4abc6?s=96&d=mm&r=g","contentUrl":"https:\/\/secure.gravatar.com\/avatar\/90cd9f2a09142cd0b38d350a5fdc5ccae206904a7f8e90ad0df656a277a4abc6?s=96&d=mm&r=g","caption":"admin"},"sameAs":["https:\/\/www.elegance-boutique.ch\/"],"url":"https:\/\/www.elegance-boutique.ch\/de\/author\/admin\/"}]}},"_links":{"self":[{"href":"https:\/\/www.elegance-boutique.ch\/de\/wp-json\/wp\/v2\/posts\/3928","targetHints":{"allow":["GET"]}}],"collection":[{"href":"https:\/\/www.elegance-boutique.ch\/de\/wp-json\/wp\/v2\/posts"}],"about":[{"href":"https:\/\/www.elegance-boutique.ch\/de\/wp-json\/wp\/v2\/types\/post"}],"author":[{"embeddable":true,"href":"https:\/\/www.elegance-boutique.ch\/de\/wp-json\/wp\/v2\/users\/1"}],"replies":[{"embeddable":true,"href":"https:\/\/www.elegance-boutique.ch\/de\/wp-json\/wp\/v2\/comments?post=3928"}],"version-history":[{"count":7,"href":"https:\/\/www.elegance-boutique.ch\/de\/wp-json\/wp\/v2\/posts\/3928\/revisions"}],"predecessor-version":[{"id":3939,"href":"https:\/\/www.elegance-boutique.ch\/de\/wp-json\/wp\/v2\/posts\/3928\/revisions\/3939"}],"wp:featuredmedia":[{"embeddable":true,"href":"https:\/\/www.elegance-boutique.ch\/de\/wp-json\/wp\/v2\/media\/3907"}],"wp:attachment":[{"href":"https:\/\/www.elegance-boutique.ch\/de\/wp-json\/wp\/v2\/media?parent=3928"}],"wp:term":[{"taxonomy":"category","embeddable":true,"href":"https:\/\/www.elegance-boutique.ch\/de\/wp-json\/wp\/v2\/categories?post=3928"},{"taxonomy":"post_tag","embeddable":true,"href":"https:\/\/www.elegance-boutique.ch\/de\/wp-json\/wp\/v2\/tags?post=3928"}],"curies":[{"name":"wp","href":"https:\/\/api.w.org\/{rel}","templated":true}]}}